{"id":2284,"date":"2016-10-13T11:19:42","date_gmt":"2016-10-13T09:19:42","guid":{"rendered":"https:\/\/www.getemed.de\/?p=2284"},"modified":"2023-04-12T12:07:11","modified_gmt":"2023-04-12T10:07:11","slug":"3-europaeischen-kongress-fuer-ecardiology-ehealth","status":"publish","type":"post","link":"https:\/\/www.getemed.de\/en\/3-europaeischen-kongress-fuer-ecardiology-ehealth\/","title":{"rendered":"3rd European Congress for eCardiology &amp; eHealth"},"content":{"rendered":"<div data-elementor-type=\"wp-post\" data-elementor-id=\"2284\" class=\"elementor elementor-2284\" data-elementor-post-type=\"post\">\n\t\t\t\t\t\t<section class=\"elementor-section elementor-top-section elementor-element elementor-element-28113c9 elementor-section-height-min-height elementor-section-items-top elementor-section-boxed elementor-section-height-default\" data-id=\"28113c9\" data-element_type=\"section\" data-e-type=\"section\">\n\t\t\t\t\t\t<div class=\"elementor-container elementor-column-gap-default\">\n\t\t\t\t\t<div class=\"elementor-column elementor-col-100 elementor-top-column elementor-element elementor-element-a6f2db2\" data-id=\"a6f2db2\" data-element_type=\"column\" data-e-type=\"column\">\n\t\t\t<div class=\"elementor-widget-wrap elementor-element-populated\">\n\t\t\t\t\t\t<div class=\"elementor-element elementor-element-50efac1 elementor-widget elementor-widget-heading\" data-id=\"50efac1\" data-element_type=\"widget\" data-e-type=\"widget\" data-widget_type=\"heading.default\">\n\t\t\t\t<div class=\"elementor-widget-container\">\n\t\t\t\t\t<h2 class=\"elementor-heading-title elementor-size-default\">3. Europ\u00e4ischen Kongress f\u00fcr eCardiology &amp; eHealth<\/h2>\t\t\t\t<\/div>\n\t\t\t\t<\/div>\n\t\t\t\t<div class=\"elementor-element elementor-element-cc5f461 elementor-widget elementor-widget-text-editor\" data-id=\"cc5f461\" data-element_type=\"widget\" data-e-type=\"widget\" data-widget_type=\"text-editor.default\">\n\t\t\t\t<div class=\"elementor-widget-container\">\n\t\t\t\t\t\t\t\t\t<p>13 October 2016<\/p>\t\t\t\t\t\t\t\t<\/div>\n\t\t\t\t<\/div>\n\t\t\t\t<section class=\"elementor-section elementor-inner-section elementor-element elementor-element-1f1e9d2 elementor-section-boxed elementor-section-height-default elementor-section-height-default\" data-id=\"1f1e9d2\" data-element_type=\"section\" data-e-type=\"section\">\n\t\t\t\t\t\t<div class=\"elementor-container elementor-column-gap-default\">\n\t\t\t\t\t<div class=\"elementor-column elementor-col-50 elementor-inner-column elementor-element elementor-element-b737aa1\" data-id=\"b737aa1\" data-element_type=\"column\" data-e-type=\"column\">\n\t\t\t<div class=\"elementor-widget-wrap elementor-element-populated\">\n\t\t\t\t\t\t<div class=\"elementor-element elementor-element-fa589aa elementor-widget__width-initial elementor-widget elementor-widget-text-editor\" data-id=\"fa589aa\" data-element_type=\"widget\" data-e-type=\"widget\" data-widget_type=\"text-editor.default\">\n\t\t\t\t<div class=\"elementor-widget-container\">\n\t\t\t\t\t\t\t\t\t<p class=\"MsoNoSpacing\"><span lang=\"DE\">Visit us at the 3rd European Congress for eCardiology &amp; eHealth in Berlin from the 26. - 28.10.2016 at our booth or on the 27.10. at 10.30 am at our show case Session.<\/span><\/p>\n<p><\/p>\n<p><span lang=\"DE\">&nbsp;<\/span><\/p>\t\t\t\t\t\t\t\t<\/div>\n\t\t\t\t<\/div>\n\t\t\t\t\t<\/div>\n\t\t<\/div>\n\t\t\t\t<div class=\"elementor-column elementor-col-50 elementor-inner-column elementor-element elementor-element-57d1c03\" data-id=\"57d1c03\" data-element_type=\"column\" data-e-type=\"column\">\n\t\t\t<div class=\"elementor-widget-wrap elementor-element-populated\">\n\t\t\t\t\t\t<div class=\"elementor-element elementor-element-cdffe54 elementor-widget elementor-widget-image\" data-id=\"cdffe54\" data-element_type=\"widget\" data-e-type=\"widget\" data-widget_type=\"image.default\">\n\t\t\t\t<div class=\"elementor-widget-container\">\n\t\t\t\t\t\t\t\t\t\t\t\t\t\t\t<img fetchpriority=\"high\" decoding=\"async\" width=\"443\" height=\"341\" src=\"https:\/\/www.getemed.de\/wp-content\/uploads\/2022\/08\/logo-eCardiolody2.png\" class=\"attachment-large size-large wp-image-1555\" alt=\"\" srcset=\"https:\/\/www.getemed.de\/wp-content\/uploads\/2022\/08\/logo-eCardiolody2.png 443w, https:\/\/www.getemed.de\/wp-content\/uploads\/2022\/08\/logo-eCardiolody2-300x231.png 300w, https:\/\/www.getemed.de\/wp-content\/uploads\/2022\/08\/logo-eCardiolody2-150x115.png 150w\" sizes=\"(max-width: 443px) 100vw, 443px\" \/>\t\t\t\t\t\t\t\t\t\t\t\t\t\t\t<\/div>\n\t\t\t\t<\/div>\n\t\t\t\t\t<\/div>\n\t\t<\/div>\n\t\t\t\t\t<\/div>\n\t\t<\/section>\n\t\t\t\t\t<\/div>\n\t\t<\/div>\n\t\t\t\t\t<\/div>\n\t\t<\/section>\n\t\t\t\t<\/div>","protected":false},"excerpt":{"rendered":"<p>Visit us at the 3rd European Congress for eCardiology &amp; eHealth in Berlin from the 26. - 28.10.2016 at our booth or on the 27.10. at 10.30 am at our show case Session.<\/p>","protected":false},"author":219149281,"featured_media":0,"comment_status":"closed","ping_status":"closed","sticky":false,"template":"","format":"standard","meta":{"footnotes":""},"categories":[2710],"tags":[],"class_list":["post-2284","post","type-post","status-publish","format-standard","hentry","category-allgemein"],"yoast_head":"<!-- This site is optimized with the Yoast SEO plugin v27.5 - https:\/\/yoast.com\/product\/yoast-seo-wordpress\/ -->\n<title>3. Europ\u00e4ischen Kongress f\u00fcr eCardiology &amp; eHealth - Medizin- und Informationstechnik AG<\/title>\n<meta name=\"robots\" content=\"index, follow, max-snippet:-1, max-image-preview:large, max-video-preview:-1\" \/>\n<link rel=\"canonical\" href=\"https:\/\/www.getemed.de\/en\/3-europaeischen-kongress-fuer-ecardiology-ehealth\/\" \/>\n<meta property=\"og:locale\" content=\"en_US\" \/>\n<meta property=\"og:type\" content=\"article\" \/>\n<meta property=\"og:title\" content=\"3. Europ\u00e4ischen Kongress f\u00fcr eCardiology &amp; eHealth - Medizin- und Informationstechnik AG\" \/>\n<meta property=\"og:description\" content=\"Besuchen Sie uns auf dem 3. Europ\u00e4ischen Kongress f\u00fcr eCardiology &amp; eHealth vom 26. \u2013 28.10.2016 in Berlin an unserem Stand oder am 27.10. um 10.30 Uhr bei unserer Show Case Session.\" \/>\n<meta property=\"og:url\" content=\"https:\/\/www.getemed.de\/en\/3-europaeischen-kongress-fuer-ecardiology-ehealth\/\" \/>\n<meta property=\"og:site_name\" content=\"Medizin- und Informationstechnik AG\" \/>\n<meta property=\"article:published_time\" content=\"2016-10-13T09:19:42+00:00\" \/>\n<meta property=\"article:modified_time\" content=\"2023-04-12T10:07:11+00:00\" \/>\n<meta property=\"og:image\" content=\"https:\/\/www.getemed.de\/wp-content\/uploads\/2022\/08\/logo-eCardiolody2.png\" \/>\n<meta name=\"author\" content=\"getemedphoenix\" \/>\n<meta name=\"twitter:card\" content=\"summary_large_image\" \/>\n<meta name=\"twitter:label1\" content=\"Written by\" \/>\n\t<meta name=\"twitter:data1\" content=\"getemedphoenix\" \/>\n\t<meta name=\"twitter:label2\" content=\"Est. reading time\" \/>\n\t<meta name=\"twitter:data2\" content=\"1 minute\" \/>\n<script type=\"application\/ld+json\" class=\"yoast-schema-graph\">{\"@context\":\"https:\\\/\\\/schema.org\",\"@graph\":[{\"@type\":\"Article\",\"@id\":\"https:\\\/\\\/www.getemed.de\\\/de\\\/3-europaeischen-kongress-fuer-ecardiology-ehealth\\\/#article\",\"isPartOf\":{\"@id\":\"https:\\\/\\\/www.getemed.de\\\/de\\\/3-europaeischen-kongress-fuer-ecardiology-ehealth\\\/\"},\"author\":{\"name\":\"getemedphoenix\",\"@id\":\"https:\\\/\\\/www.getemed.de\\\/de\\\/#\\\/schema\\\/person\\\/95d2bf4e5f028c9ad106df1118610bdc\"},\"headline\":\"3. Europ\u00e4ischen Kongress f\u00fcr eCardiology &#038; eHealth\",\"datePublished\":\"2016-10-13T09:19:42+00:00\",\"dateModified\":\"2023-04-12T10:07:11+00:00\",\"mainEntityOfPage\":{\"@id\":\"https:\\\/\\\/www.getemed.de\\\/de\\\/3-europaeischen-kongress-fuer-ecardiology-ehealth\\\/\"},\"wordCount\":46,\"publisher\":{\"@id\":\"https:\\\/\\\/www.getemed.de\\\/de\\\/#organization\"},\"image\":{\"@id\":\"https:\\\/\\\/www.getemed.de\\\/de\\\/3-europaeischen-kongress-fuer-ecardiology-ehealth\\\/#primaryimage\"},\"thumbnailUrl\":\"https:\\\/\\\/www.getemed.de\\\/wp-content\\\/uploads\\\/2022\\\/08\\\/logo-eCardiolody2.png\",\"articleSection\":[\"Allgemein\"],\"inLanguage\":\"en-US\"},{\"@type\":\"WebPage\",\"@id\":\"https:\\\/\\\/www.getemed.de\\\/de\\\/3-europaeischen-kongress-fuer-ecardiology-ehealth\\\/\",\"url\":\"https:\\\/\\\/www.getemed.de\\\/de\\\/3-europaeischen-kongress-fuer-ecardiology-ehealth\\\/\",\"name\":\"3. Europ\u00e4ischen Kongress f\u00fcr eCardiology & eHealth - Medizin- und Informationstechnik AG\",\"isPartOf\":{\"@id\":\"https:\\\/\\\/www.getemed.de\\\/de\\\/#website\"},\"primaryImageOfPage\":{\"@id\":\"https:\\\/\\\/www.getemed.de\\\/de\\\/3-europaeischen-kongress-fuer-ecardiology-ehealth\\\/#primaryimage\"},\"image\":{\"@id\":\"https:\\\/\\\/www.getemed.de\\\/de\\\/3-europaeischen-kongress-fuer-ecardiology-ehealth\\\/#primaryimage\"},\"thumbnailUrl\":\"https:\\\/\\\/www.getemed.de\\\/wp-content\\\/uploads\\\/2022\\\/08\\\/logo-eCardiolody2.png\",\"datePublished\":\"2016-10-13T09:19:42+00:00\",\"dateModified\":\"2023-04-12T10:07:11+00:00\",\"inLanguage\":\"en-US\",\"potentialAction\":[{\"@type\":\"ReadAction\",\"target\":[\"https:\\\/\\\/www.getemed.de\\\/de\\\/3-europaeischen-kongress-fuer-ecardiology-ehealth\\\/\"]}]},{\"@type\":\"ImageObject\",\"inLanguage\":\"en-US\",\"@id\":\"https:\\\/\\\/www.getemed.de\\\/de\\\/3-europaeischen-kongress-fuer-ecardiology-ehealth\\\/#primaryimage\",\"url\":\"https:\\\/\\\/www.getemed.de\\\/wp-content\\\/uploads\\\/2022\\\/08\\\/logo-eCardiolody2.png\",\"contentUrl\":\"https:\\\/\\\/www.getemed.de\\\/wp-content\\\/uploads\\\/2022\\\/08\\\/logo-eCardiolody2.png\"},{\"@type\":\"WebSite\",\"@id\":\"https:\\\/\\\/www.getemed.de\\\/de\\\/#website\",\"url\":\"https:\\\/\\\/www.getemed.de\\\/de\\\/\",\"name\":\"GETEMED Medizin- und Informationstechnik AG\",\"description\":\"\",\"publisher\":{\"@id\":\"https:\\\/\\\/www.getemed.de\\\/de\\\/#organization\"},\"potentialAction\":[{\"@type\":\"SearchAction\",\"target\":{\"@type\":\"EntryPoint\",\"urlTemplate\":\"https:\\\/\\\/www.getemed.de\\\/de\\\/?s={search_term_string}\"},\"query-input\":{\"@type\":\"PropertyValueSpecification\",\"valueRequired\":true,\"valueName\":\"search_term_string\"}}],\"inLanguage\":\"en-US\"},{\"@type\":\"Organization\",\"@id\":\"https:\\\/\\\/www.getemed.de\\\/de\\\/#organization\",\"name\":\"GETEMEDNMedizin- und Informationstechnik AG\",\"url\":\"https:\\\/\\\/www.getemed.de\\\/de\\\/\",\"logo\":{\"@type\":\"ImageObject\",\"inLanguage\":\"en-US\",\"@id\":\"https:\\\/\\\/www.getemed.de\\\/de\\\/#\\\/schema\\\/logo\\\/image\\\/\",\"url\":\"https:\\\/\\\/www.getemed.de\\\/wp-content\\\/uploads\\\/Logo_GETEMED.png\",\"contentUrl\":\"https:\\\/\\\/www.getemed.de\\\/wp-content\\\/uploads\\\/Logo_GETEMED.png\",\"width\":1471,\"height\":305,\"caption\":\"GETEMEDNMedizin- und Informationstechnik AG\"},\"image\":{\"@id\":\"https:\\\/\\\/www.getemed.de\\\/de\\\/#\\\/schema\\\/logo\\\/image\\\/\"}},{\"@type\":\"Person\",\"@id\":\"https:\\\/\\\/www.getemed.de\\\/de\\\/#\\\/schema\\\/person\\\/95d2bf4e5f028c9ad106df1118610bdc\",\"name\":\"getemedphoenix\",\"sameAs\":[\"http:\\\/\\\/getemed.wordpress.com\"],\"url\":\"https:\\\/\\\/www.getemed.de\\\/en\\\/author\\\/getemedphoenix\\\/\"}]}<\/script>\n<!-- \/ Yoast SEO plugin. -->","yoast_head_json":{"title":"3. Europ\u00e4ischen Kongress f\u00fcr eCardiology & eHealth - Medizin- und Informationstechnik AG","robots":{"index":"index","follow":"follow","max-snippet":"max-snippet:-1","max-image-preview":"max-image-preview:large","max-video-preview":"max-video-preview:-1"},"canonical":"https:\/\/www.getemed.de\/en\/3-europaeischen-kongress-fuer-ecardiology-ehealth\/","og_locale":"en_US","og_type":"article","og_title":"3. Europ\u00e4ischen Kongress f\u00fcr eCardiology & eHealth - Medizin- und Informationstechnik AG","og_description":"Besuchen Sie uns auf dem 3. Europ\u00e4ischen Kongress f\u00fcr eCardiology & eHealth vom 26. \u2013 28.10.2016 in Berlin an unserem Stand oder am 27.10. um 10.30 Uhr bei unserer Show Case Session.","og_url":"https:\/\/www.getemed.de\/en\/3-europaeischen-kongress-fuer-ecardiology-ehealth\/","og_site_name":"Medizin- und Informationstechnik AG","article_published_time":"2016-10-13T09:19:42+00:00","article_modified_time":"2023-04-12T10:07:11+00:00","og_image":[{"url":"https:\/\/www.getemed.de\/wp-content\/uploads\/2022\/08\/logo-eCardiolody2.png","type":"","width":"","height":""}],"author":"getemedphoenix","twitter_card":"summary_large_image","twitter_misc":{"Written by":"getemedphoenix","Est. reading time":"1 minute"},"schema":{"@context":"https:\/\/schema.org","@graph":[{"@type":"Article","@id":"https:\/\/www.getemed.de\/de\/3-europaeischen-kongress-fuer-ecardiology-ehealth\/#article","isPartOf":{"@id":"https:\/\/www.getemed.de\/de\/3-europaeischen-kongress-fuer-ecardiology-ehealth\/"},"author":{"name":"getemedphoenix","@id":"https:\/\/www.getemed.de\/de\/#\/schema\/person\/95d2bf4e5f028c9ad106df1118610bdc"},"headline":"3. Europ\u00e4ischen Kongress f\u00fcr eCardiology &#038; eHealth","datePublished":"2016-10-13T09:19:42+00:00","dateModified":"2023-04-12T10:07:11+00:00","mainEntityOfPage":{"@id":"https:\/\/www.getemed.de\/de\/3-europaeischen-kongress-fuer-ecardiology-ehealth\/"},"wordCount":46,"publisher":{"@id":"https:\/\/www.getemed.de\/de\/#organization"},"image":{"@id":"https:\/\/www.getemed.de\/de\/3-europaeischen-kongress-fuer-ecardiology-ehealth\/#primaryimage"},"thumbnailUrl":"https:\/\/www.getemed.de\/wp-content\/uploads\/2022\/08\/logo-eCardiolody2.png","articleSection":["Allgemein"],"inLanguage":"en-US"},{"@type":"WebPage","@id":"https:\/\/www.getemed.de\/de\/3-europaeischen-kongress-fuer-ecardiology-ehealth\/","url":"https:\/\/www.getemed.de\/de\/3-europaeischen-kongress-fuer-ecardiology-ehealth\/","name":"3. Europ\u00e4ischen Kongress f\u00fcr eCardiology & eHealth - Medizin- und Informationstechnik AG","isPartOf":{"@id":"https:\/\/www.getemed.de\/de\/#website"},"primaryImageOfPage":{"@id":"https:\/\/www.getemed.de\/de\/3-europaeischen-kongress-fuer-ecardiology-ehealth\/#primaryimage"},"image":{"@id":"https:\/\/www.getemed.de\/de\/3-europaeischen-kongress-fuer-ecardiology-ehealth\/#primaryimage"},"thumbnailUrl":"https:\/\/www.getemed.de\/wp-content\/uploads\/2022\/08\/logo-eCardiolody2.png","datePublished":"2016-10-13T09:19:42+00:00","dateModified":"2023-04-12T10:07:11+00:00","inLanguage":"en-US","potentialAction":[{"@type":"ReadAction","target":["https:\/\/www.getemed.de\/de\/3-europaeischen-kongress-fuer-ecardiology-ehealth\/"]}]},{"@type":"ImageObject","inLanguage":"en-US","@id":"https:\/\/www.getemed.de\/de\/3-europaeischen-kongress-fuer-ecardiology-ehealth\/#primaryimage","url":"https:\/\/www.getemed.de\/wp-content\/uploads\/2022\/08\/logo-eCardiolody2.png","contentUrl":"https:\/\/www.getemed.de\/wp-content\/uploads\/2022\/08\/logo-eCardiolody2.png"},{"@type":"WebSite","@id":"https:\/\/www.getemed.de\/de\/#website","url":"https:\/\/www.getemed.de\/de\/","name":"GETEMED Medizin- und Informationstechnik AG","description":"","publisher":{"@id":"https:\/\/www.getemed.de\/de\/#organization"},"potentialAction":[{"@type":"SearchAction","target":{"@type":"EntryPoint","urlTemplate":"https:\/\/www.getemed.de\/de\/?s={search_term_string}"},"query-input":{"@type":"PropertyValueSpecification","valueRequired":true,"valueName":"search_term_string"}}],"inLanguage":"en-US"},{"@type":"Organization","@id":"https:\/\/www.getemed.de\/de\/#organization","name":"GETEMEDNMedizin- und Informationstechnik AG","url":"https:\/\/www.getemed.de\/de\/","logo":{"@type":"ImageObject","inLanguage":"en-US","@id":"https:\/\/www.getemed.de\/de\/#\/schema\/logo\/image\/","url":"https:\/\/www.getemed.de\/wp-content\/uploads\/Logo_GETEMED.png","contentUrl":"https:\/\/www.getemed.de\/wp-content\/uploads\/Logo_GETEMED.png","width":1471,"height":305,"caption":"GETEMEDNMedizin- und Informationstechnik AG"},"image":{"@id":"https:\/\/www.getemed.de\/de\/#\/schema\/logo\/image\/"}},{"@type":"Person","@id":"https:\/\/www.getemed.de\/de\/#\/schema\/person\/95d2bf4e5f028c9ad106df1118610bdc","name":"getemedphoenix","sameAs":["http:\/\/getemed.wordpress.com"],"url":"https:\/\/www.getemed.de\/en\/author\/getemedphoenix\/"}]}},"_links":{"self":[{"href":"https:\/\/www.getemed.de\/en\/wp-json\/wp\/v2\/posts\/2284","targetHints":{"allow":["GET"]}}],"collection":[{"href":"https:\/\/www.getemed.de\/en\/wp-json\/wp\/v2\/posts"}],"about":[{"href":"https:\/\/www.getemed.de\/en\/wp-json\/wp\/v2\/types\/post"}],"author":[{"embeddable":true,"href":"https:\/\/www.getemed.de\/en\/wp-json\/wp\/v2\/users\/219149281"}],"replies":[{"embeddable":true,"href":"https:\/\/www.getemed.de\/en\/wp-json\/wp\/v2\/comments?post=2284"}],"version-history":[{"count":0,"href":"https:\/\/www.getemed.de\/en\/wp-json\/wp\/v2\/posts\/2284\/revisions"}],"wp:attachment":[{"href":"https:\/\/www.getemed.de\/en\/wp-json\/wp\/v2\/media?parent=2284"}],"wp:term":[{"taxonomy":"category","embeddable":true,"href":"https:\/\/www.getemed.de\/en\/wp-json\/wp\/v2\/categories?post=2284"},{"taxonomy":"post_tag","embeddable":true,"href":"https:\/\/www.getemed.de\/en\/wp-json\/wp\/v2\/tags?post=2284"}],"curies":[{"name":"wp","href":"https:\/\/api.w.org\/{rel}","templated":true}]}}